{"id":41151,"date":"2025-06-09T22:00:27","date_gmt":"2025-06-09T22:00:27","guid":{"rendered":"https:\/\/chapal.fr\/?p=41151"},"modified":"2025-09-30T10:08:57","modified_gmt":"2025-09-30T10:08:57","slug":"champagne-salon-chapal-soiree-hommage","status":"publish","type":"post","link":"https:\/\/chapal.fr\/fr\/2025\/06\/09\/champagne-salon-chapal-soiree-hommage\/","title":{"rendered":"CHAMPAGNE SALON &#038; CHAPAL"},"content":{"rendered":"\t<div id=\"text-3902683847\" class=\"text\">\n\t\t\n<p>Le 9 juin 2025, Jean-Fran\u00e7ois Bardinon et CHAPAL ont accueilli la prestigieuse maison Champagne Salon<br \/>\nau sein du luxueux showroom parisien en hommage aux a\u00efeux communs des deux maisons fran\u00e7aises.<\/p>\n\t\t\n<style>\n#text-3902683847 {\n  text-align: center;\n}\n<\/style>\n\t<\/div>\n\t\n\t<div id=\"gap-1604344545\" class=\"gap-element clearfix\" style=\"display:block; height:auto;\">\n\t\t\n<style>\n#gap-1604344545 {\n  padding-top: 20px;\n}\n<\/style>\n\t<\/div>\n\t\n<div class=\"row\"  id=\"row-1158415819\">\n\n\t<div id=\"col-230365680\" class=\"col medium-2 small-12 large-2\"  >\n\t\t\t\t<div class=\"col-inner\"  >\n\t\t\t\n\t\t\t\n\t\t<\/div>\n\t\t\t\t\t<\/div>\n\n\t\n\n\t<div id=\"col-2102105440\" class=\"col medium-8 small-12 large-8\"  >\n\t\t\t\t<div class=\"col-inner\"  >\n\t\t\t\n\t<div class=\"is-border\"\n\t\tstyle=\"border-width:0px 0px 0px 0px;\">\n\t<\/div>\n\t\t\t\n\t<div class=\"img has-hover x md-x lg-x y md-y lg-y\" id=\"image_31190479\">\n\t\t\t\t\t\t\t\t<div class=\"img-inner dark\" >\n\t\t\t<img loading=\"lazy\" decoding=\"async\" width=\"1020\" height=\"680\" src=\"https:\/\/chapal.fr\/wp-content\/uploads\/2025\/09\/LEO00786-1024x683.jpg\" class=\"attachment-large size-large\" alt=\"\" srcset=\"https:\/\/chapal.fr\/wp-content\/uploads\/2025\/09\/LEO00786-1024x683.jpg 1024w, https:\/\/chapal.fr\/wp-content\/uploads\/2025\/09\/LEO00786-300x200.jpg 300w, https:\/\/chapal.fr\/wp-content\/uploads\/2025\/09\/LEO00786-768x512.jpg 768w, https:\/\/chapal.fr\/wp-content\/uploads\/2025\/09\/LEO00786-1536x1024.jpg 1536w, https:\/\/chapal.fr\/wp-content\/uploads\/2025\/09\/LEO00786-2048x1365.jpg 2048w, https:\/\/chapal.fr\/wp-content\/uploads\/2025\/09\/LEO00786-500x333.jpg 500w, https:\/\/chapal.fr\/wp-content\/uploads\/2025\/09\/LEO00786-1000x667.jpg 1000w\" sizes=\"(max-width: 1020px) 100vw, 1020px\" \/>\t\t\t\t\t\t\n\t\t\t\t\t<\/div>\n\t\t\t\t\t\t\t\t\n<style>\n#image_31190479 {\n  width: 100%;\n}\n<\/style>\n\t<\/div>\n\t\n\t\t<\/div>\n\t\t\t\t\n<style>\n#col-2102105440 > .col-inner {\n  margin: 0px 0px 0px 0px;\n}\n<\/style>\n\t<\/div>\n\n\t\n\n\t<div id=\"col-196366893\" class=\"col medium-2 small-12 large-2\"  >\n\t\t\t\t<div class=\"col-inner\"  >\n\t\t\t\n\t\t\t\n\t\t<\/div>\n\t\t\t\t\t<\/div>\n\n\t\n<\/div>\n\t<div id=\"text-2423034890\" class=\"text\">\n\t\t\n<p>Ce rendez-vous n\u2019\u00e9tait pas simplement une d\u00e9gustation : il incarnait un retour aux origines.<br \/>Car bien avant de r\u00e9volutionner le monde du champagne, Aim\u00e9 Salon d\u00e9buta sa carri\u00e8re dans la soci\u00e9t\u00e9<em> C&amp;E Chapal Fr\u00e8res &amp; Cie<\/em><br \/>au d\u00e9but du XXe si\u00e8cle en tant que simple acheteur de peaux de lapin.<\/p>\n\t\t\n<style>\n#text-2423034890 {\n  text-align: center;\n}\n<\/style>\n\t<\/div>\n\t\n\t<div id=\"gap-242271083\" class=\"gap-element clearfix\" style=\"display:block; height:auto;\">\n\t\t\n<style>\n#gap-242271083 {\n  padding-top: 20px;\n}\n<\/style>\n\t<\/div>\n\t\n<div class=\"row\"  id=\"row-2023841108\">\n\n\t<div id=\"col-259402184\" class=\"col medium-6 small-12 large-6\"  >\n\t\t\t\t<div class=\"col-inner\"  >\n\t\t\t\n\t\t\t\n\t<div class=\"img has-hover x md-x lg-x y md-y lg-y\" id=\"image_2067066636\">\n\t\t\t\t\t\t\t\t<div class=\"img-inner dark\" >\n\t\t\t<img loading=\"lazy\" decoding=\"async\" width=\"1020\" height=\"1020\" src=\"https:\/\/chapal.fr\/wp-content\/uploads\/2025\/09\/CCIE_dim-1024x1024.png\" class=\"attachment-large size-large\" alt=\"\" srcset=\"https:\/\/chapal.fr\/wp-content\/uploads\/2025\/09\/CCIE_dim-1024x1024.png 1024w, https:\/\/chapal.fr\/wp-content\/uploads\/2025\/09\/CCIE_dim-300x300.png 300w, https:\/\/chapal.fr\/wp-content\/uploads\/2025\/09\/CCIE_dim-150x150.png 150w, https:\/\/chapal.fr\/wp-content\/uploads\/2025\/09\/CCIE_dim-768x768.png 768w, https:\/\/chapal.fr\/wp-content\/uploads\/2025\/09\/CCIE_dim-1536x1536.png 1536w, https:\/\/chapal.fr\/wp-content\/uploads\/2025\/09\/CCIE_dim-2048x2048.png 2048w, https:\/\/chapal.fr\/wp-content\/uploads\/2025\/09\/CCIE_dim-500x500.png 500w, https:\/\/chapal.fr\/wp-content\/uploads\/2025\/09\/CCIE_dim-1000x1000.png 1000w, https:\/\/chapal.fr\/wp-content\/uploads\/2025\/09\/CCIE_dim-100x100.png 100w\" sizes=\"(max-width: 1020px) 100vw, 1020px\" \/>\t\t\t\t\t\t\n\t\t\t\t\t<\/div>\n\t\t\t\t\t\t\t\t\n<style>\n#image_2067066636 {\n  width: 100%;\n}\n<\/style>\n\t<\/div>\n\t\n\t\t<\/div>\n\t\t\t\t\t<\/div>\n\n\t\n\n\t<div id=\"col-828848479\" class=\"col medium-6 small-12 large-6\"  >\n\t\t\t\t<div class=\"col-inner\"  >\n\t\t\t\n\t\t\t\n\t<div class=\"img has-hover x md-x lg-x y md-y lg-y\" id=\"image_563781193\">\n\t\t\t\t\t\t\t\t<div class=\"img-inner dark\" >\n\t\t\t<img loading=\"lazy\" decoding=\"async\" width=\"1020\" height=\"1020\" src=\"https:\/\/chapal.fr\/wp-content\/uploads\/2025\/09\/Champagne_dim-1024x1024.png\" class=\"attachment-large size-large\" alt=\"\" srcset=\"https:\/\/chapal.fr\/wp-content\/uploads\/2025\/09\/Champagne_dim-1024x1024.png 1024w, https:\/\/chapal.fr\/wp-content\/uploads\/2025\/09\/Champagne_dim-300x300.png 300w, https:\/\/chapal.fr\/wp-content\/uploads\/2025\/09\/Champagne_dim-150x150.png 150w, https:\/\/chapal.fr\/wp-content\/uploads\/2025\/09\/Champagne_dim-768x768.png 768w, https:\/\/chapal.fr\/wp-content\/uploads\/2025\/09\/Champagne_dim-1536x1536.png 1536w, https:\/\/chapal.fr\/wp-content\/uploads\/2025\/09\/Champagne_dim-2048x2048.png 2048w, https:\/\/chapal.fr\/wp-content\/uploads\/2025\/09\/Champagne_dim-500x500.png 500w, https:\/\/chapal.fr\/wp-content\/uploads\/2025\/09\/Champagne_dim-1000x1000.png 1000w, https:\/\/chapal.fr\/wp-content\/uploads\/2025\/09\/Champagne_dim-100x100.png 100w\" sizes=\"(max-width: 1020px) 100vw, 1020px\" \/>\t\t\t\t\t\t\n\t\t\t\t\t<\/div>\n\t\t\t\t\t\t\t\t\n<style>\n#image_563781193 {\n  width: 100%;\n}\n<\/style>\n\t<\/div>\n\t\n\t\t<\/div>\n\t\t\t\t\t<\/div>\n\n\t\n<\/div>\n\t<div id=\"text-3757084038\" class=\"text\">\n\t\t\n<p>Son courage et sa t\u00e9nacit\u00e9 l\u2019ont conduit \u00e0 collaborer \u00e9troitement avec la direction, gravissant les \u00e9chelons jusqu\u2019\u00e0 devenir<br \/>\nDirecteur des Achats et Membre du Conseil d\u2019Administration de la Maison,<br \/>\naux c\u00f4t\u00e9s d\u2019\u00c9mile Chapal et de Jean Bardinon, h\u00e9ritier de la lign\u00e9e.<\/p>\n<p>Mondain parisien r\u00e9put\u00e9 et passionn\u00e9 de gastronomie, Jean Bardinon s\u2019est naturellement rapproch\u00e9 d\u2019Aim\u00e9 Salon,<br \/>\nqui en parall\u00e8le de son poste chez Chapal, fonda rapidement sa propre maison de champagne.<\/p>\n\t\t\n<style>\n#text-3757084038 {\n  text-align: center;\n}\n<\/style>\n\t<\/div>\n\t\n\t<div id=\"gap-2129321911\" class=\"gap-element clearfix\" style=\"display:block; height:auto;\">\n\t\t\n<style>\n#gap-2129321911 {\n  padding-top: 20px;\n}\n<\/style>\n\t<\/div>\n\t\n<div class=\"row row-box-shadow-3 row-box-shadow-5-hover\"  id=\"row-219179089\">\n\n\t<div id=\"col-416100804\" class=\"col medium-4 small-12 large-4\"  >\n\t\t\t\t<div class=\"col-inner\"  >\n\t\t\t\n\t\t\t\n\t<div class=\"img has-hover x md-x lg-x y md-y lg-y\" id=\"image_1244987649\">\n\t\t\t\t\t\t\t\t<div class=\"img-inner dark\" >\n\t\t\t<img loading=\"lazy\" decoding=\"async\" width=\"1020\" height=\"1020\" src=\"https:\/\/chapal.fr\/wp-content\/uploads\/2025\/09\/Soiree_1_dim-1024x1024.png\" class=\"attachment-large size-large\" alt=\"\" srcset=\"https:\/\/chapal.fr\/wp-content\/uploads\/2025\/09\/Soiree_1_dim-1024x1024.png 1024w, https:\/\/chapal.fr\/wp-content\/uploads\/2025\/09\/Soiree_1_dim-300x300.png 300w, https:\/\/chapal.fr\/wp-content\/uploads\/2025\/09\/Soiree_1_dim-150x150.png 150w, https:\/\/chapal.fr\/wp-content\/uploads\/2025\/09\/Soiree_1_dim-768x768.png 768w, https:\/\/chapal.fr\/wp-content\/uploads\/2025\/09\/Soiree_1_dim-1536x1536.png 1536w, https:\/\/chapal.fr\/wp-content\/uploads\/2025\/09\/Soiree_1_dim-2048x2048.png 2048w, https:\/\/chapal.fr\/wp-content\/uploads\/2025\/09\/Soiree_1_dim-500x500.png 500w, https:\/\/chapal.fr\/wp-content\/uploads\/2025\/09\/Soiree_1_dim-1000x1000.png 1000w, https:\/\/chapal.fr\/wp-content\/uploads\/2025\/09\/Soiree_1_dim-100x100.png 100w\" sizes=\"(max-width: 1020px) 100vw, 1020px\" \/>\t\t\t\t\t\t\n\t\t\t\t\t<\/div>\n\t\t\t\t\t\t\t\t\n<style>\n#image_1244987649 {\n  width: 100%;\n}\n<\/style>\n\t<\/div>\n\t\n\t\t<\/div>\n\t\t\t\t\t<\/div>\n\n\t\n\n\t<div id=\"col-1163193168\" class=\"col medium-4 small-12 large-4\"  >\n\t\t\t\t<div class=\"col-inner\"  >\n\t\t\t\n\t\t\t\n\t<div class=\"img has-hover x md-x lg-x y md-y lg-y\" id=\"image_1630811361\">\n\t\t\t\t\t\t\t\t<div class=\"img-inner dark\" >\n\t\t\t<img loading=\"lazy\" decoding=\"async\" width=\"1020\" height=\"1020\" src=\"https:\/\/chapal.fr\/wp-content\/uploads\/2025\/09\/Soiree_2_dim-1024x1024.png\" class=\"attachment-large size-large\" alt=\"\" srcset=\"https:\/\/chapal.fr\/wp-content\/uploads\/2025\/09\/Soiree_2_dim-1024x1024.png 1024w, https:\/\/chapal.fr\/wp-content\/uploads\/2025\/09\/Soiree_2_dim-300x300.png 300w, https:\/\/chapal.fr\/wp-content\/uploads\/2025\/09\/Soiree_2_dim-150x150.png 150w, https:\/\/chapal.fr\/wp-content\/uploads\/2025\/09\/Soiree_2_dim-768x768.png 768w, https:\/\/chapal.fr\/wp-content\/uploads\/2025\/09\/Soiree_2_dim-1536x1536.png 1536w, https:\/\/chapal.fr\/wp-content\/uploads\/2025\/09\/Soiree_2_dim-2048x2048.png 2048w, https:\/\/chapal.fr\/wp-content\/uploads\/2025\/09\/Soiree_2_dim-500x500.png 500w, https:\/\/chapal.fr\/wp-content\/uploads\/2025\/09\/Soiree_2_dim-1000x1000.png 1000w, https:\/\/chapal.fr\/wp-content\/uploads\/2025\/09\/Soiree_2_dim-100x100.png 100w\" sizes=\"(max-width: 1020px) 100vw, 1020px\" \/>\t\t\t\t\t\t\n\t\t\t\t\t<\/div>\n\t\t\t\t\t\t\t\t\n<style>\n#image_1630811361 {\n  width: 100%;\n}\n<\/style>\n\t<\/div>\n\t\n\t\t<\/div>\n\t\t\t\t\t<\/div>\n\n\t\n\n\t<div id=\"col-2134056658\" class=\"col medium-4 small-12 large-4\"  >\n\t\t\t\t<div class=\"col-inner\"  >\n\t\t\t\n\t\t\t\n\t<div class=\"img has-hover x md-x lg-x y md-y lg-y\" id=\"image_925887062\">\n\t\t\t\t\t\t\t\t<div class=\"img-inner dark\" >\n\t\t\t<img loading=\"lazy\" decoding=\"async\" width=\"1020\" height=\"1020\" src=\"https:\/\/chapal.fr\/wp-content\/uploads\/2025\/09\/Soiree_3_dim-1024x1024.png\" class=\"attachment-large size-large\" alt=\"\" srcset=\"https:\/\/chapal.fr\/wp-content\/uploads\/2025\/09\/Soiree_3_dim-1024x1024.png 1024w, https:\/\/chapal.fr\/wp-content\/uploads\/2025\/09\/Soiree_3_dim-300x300.png 300w, https:\/\/chapal.fr\/wp-content\/uploads\/2025\/09\/Soiree_3_dim-150x150.png 150w, https:\/\/chapal.fr\/wp-content\/uploads\/2025\/09\/Soiree_3_dim-768x768.png 768w, https:\/\/chapal.fr\/wp-content\/uploads\/2025\/09\/Soiree_3_dim-1536x1536.png 1536w, https:\/\/chapal.fr\/wp-content\/uploads\/2025\/09\/Soiree_3_dim-2048x2048.png 2048w, https:\/\/chapal.fr\/wp-content\/uploads\/2025\/09\/Soiree_3_dim-500x500.png 500w, https:\/\/chapal.fr\/wp-content\/uploads\/2025\/09\/Soiree_3_dim-1000x1000.png 1000w, https:\/\/chapal.fr\/wp-content\/uploads\/2025\/09\/Soiree_3_dim-100x100.png 100w\" sizes=\"(max-width: 1020px) 100vw, 1020px\" \/>\t\t\t\t\t\t\n\t\t\t\t\t<\/div>\n\t\t\t\t\t\t\t\t\n<style>\n#image_925887062 {\n  width: 100%;\n}\n<\/style>\n\t<\/div>\n\t\n\t\t<\/div>\n\t\t\t\t\t<\/div>\n\n\t\n<\/div>\n\t<div id=\"text-3527494898\" class=\"text\">\n\t\t\n<p>Ces deux hommes ambitieux et visionnaires d\u00e9cid\u00e8rent de propulser cette nouvelle maison de champagne<br \/>parmi les plus prestigieuses au monde.<\/p>\n<p>Pour soutenir cette cause, Jean Bardinon ouvrit les portes de <em>Chez Maxim\u2019s<\/em> et du <em>Club des Cent<\/em> \u00e0 Aim\u00e9 Salon :<br \/>la qualit\u00e9 exceptionnelle du Champagne Salon commen\u00e7a alors \u00e0 r\u00e9sonner dans tout Paris durant les Ann\u00e9es Folles.<\/p>\n\t\t\n<style>\n#text-3527494898 {\n  text-align: center;\n}\n<\/style>\n\t<\/div>\n\t\n\t<div id=\"gap-1557527654\" class=\"gap-element clearfix\" style=\"display:block; height:auto;\">\n\t\t\n<style>\n#gap-1557527654 {\n  padding-top: 20px;\n}\n<\/style>\n\t<\/div>\n\t\n<div class=\"row\"  id=\"row-2082551479\">\n\n\t<div id=\"col-1496338118\" class=\"col medium-3 small-12 large-3\"  >\n\t\t\t\t<div class=\"col-inner\"  >\n\t\t\t\n\t\t\t\n\t\t<\/div>\n\t\t\t\t\t<\/div>\n\n\t\n\n\t<div id=\"col-1616617371\" class=\"col medium-6 small-12 large-6\"  >\n\t\t\t\t<div class=\"col-inner\"  >\n\t\t\t\n\t\t\t\n\t<div class=\"img has-hover x md-x lg-x y md-y lg-y\" id=\"image_1040593229\">\n\t\t\t\t\t\t\t\t<div class=\"img-inner dark\" >\n\t\t\t<img loading=\"lazy\" decoding=\"async\" width=\"683\" height=\"1024\" src=\"https:\/\/chapal.fr\/wp-content\/uploads\/2025\/09\/LEO00496-683x1024.jpg\" class=\"attachment-large size-large\" alt=\"\" srcset=\"https:\/\/chapal.fr\/wp-content\/uploads\/2025\/09\/LEO00496-683x1024.jpg 683w, https:\/\/chapal.fr\/wp-content\/uploads\/2025\/09\/LEO00496-200x300.jpg 200w, https:\/\/chapal.fr\/wp-content\/uploads\/2025\/09\/LEO00496-768x1152.jpg 768w, https:\/\/chapal.fr\/wp-content\/uploads\/2025\/09\/LEO00496-1024x1536.jpg 1024w, https:\/\/chapal.fr\/wp-content\/uploads\/2025\/09\/LEO00496-1365x2048.jpg 1365w, https:\/\/chapal.fr\/wp-content\/uploads\/2025\/09\/LEO00496-333x500.jpg 333w, https:\/\/chapal.fr\/wp-content\/uploads\/2025\/09\/LEO00496-1000x1500.jpg 1000w, https:\/\/chapal.fr\/wp-content\/uploads\/2025\/09\/LEO00496-scaled.jpg 1707w\" sizes=\"(max-width: 683px) 100vw, 683px\" \/>\t\t\t\t\t\t\n\t\t\t\t\t<\/div>\n\t\t\t\t\t\t\t\t\n<style>\n#image_1040593229 {\n  width: 100%;\n}\n<\/style>\n\t<\/div>\n\t\n\t\t<\/div>\n\t\t\t\t\t<\/div>\n\n\t\n\n\t<div id=\"col-303560813\" class=\"col medium-3 small-12 large-3\"  >\n\t\t\t\t<div class=\"col-inner\"  >\n\t\t\t\n\t\t\t\n\t\t<\/div>\n\t\t\t\t\t<\/div>\n\n\t\n<\/div>\n\t<div id=\"text-1148050700\" class=\"text\">\n\t\t\n<p>Si la rencontre entre Aim\u00e9 Salon et Jean Bardinon a donn\u00e9 naissance \u00e0 ce champagne,<br \/>\nil a fallu toute la sensibilit\u00e9 et la t\u00e9nacit\u00e9 des g\u00e9n\u00e9rations suivantes pour pr\u00e9server cette boisson exquise.<\/p>\n<p>Dans un monde o\u00f9 l\u2019information circule trop vite, il est bon de faire une pause, verre \u00e0 la main,<br \/>\net de regarder en arri\u00e8re pour comprendre son Histoire.<\/p>\n<p>Tous ces r\u00eaves ont jadis v\u00e9cu ici, lors de soir\u00e9es inoubliables o\u00f9 le champagne coulait \u00e0 flots, au 244 rue de Rivoli.<\/p>\n\t\t\n<style>\n#text-1148050700 {\n  text-align: center;\n}\n<\/style>\n\t<\/div>\n\t\n","protected":false},"excerpt":{"rendered":"<p>Une soir\u00e9e en hommage au pass\u00e9 commun des deux maisons fran\u00e7aises.<\/p>\n","protected":false},"author":103,"featured_media":41248,"comment_status":"closed","ping_status":"open","sticky":false,"template":"","format":"standard","meta":{"footnotes":""},"categories":[1446],"tags":[],"acf":[],"jetpack_featured_media_url":"https:\/\/chapal.fr\/wp-content\/uploads\/2025\/09\/LEO00542-scaled.jpg","_links":{"self":[{"href":"https:\/\/chapal.fr\/fr\/wp-json\/wp\/v2\/posts\/41151"}],"collection":[{"href":"https:\/\/chapal.fr\/fr\/wp-json\/wp\/v2\/posts"}],"about":[{"href":"https:\/\/chapal.fr\/fr\/wp-json\/wp\/v2\/types\/post"}],"author":[{"embeddable":true,"href":"https:\/\/chapal.fr\/fr\/wp-json\/wp\/v2\/users\/103"}],"replies":[{"embeddable":true,"href":"https:\/\/chapal.fr\/fr\/wp-json\/wp\/v2\/comments?post=41151"}],"version-history":[{"count":29,"href":"https:\/\/chapal.fr\/fr\/wp-json\/wp\/v2\/posts\/41151\/revisions"}],"predecessor-version":[{"id":41363,"href":"https:\/\/chapal.fr\/fr\/wp-json\/wp\/v2\/posts\/41151\/revisions\/41363"}],"wp:featuredmedia":[{"embeddable":true,"href":"https:\/\/chapal.fr\/fr\/wp-json\/wp\/v2\/media\/41248"}],"wp:attachment":[{"href":"https:\/\/chapal.fr\/fr\/wp-json\/wp\/v2\/media?parent=41151"}],"wp:term":[{"taxonomy":"category","embeddable":true,"href":"https:\/\/chapal.fr\/fr\/wp-json\/wp\/v2\/categories?post=41151"},{"taxonomy":"post_tag","embeddable":true,"href":"https:\/\/chapal.fr\/fr\/wp-json\/wp\/v2\/tags?post=41151"}],"curies":[{"name":"wp","href":"https:\/\/api.w.org\/{rel}","templated":true}]}}